{"id":198,"date":"2020-04-21T17:18:18","date_gmt":"2020-04-21T17:18:18","guid":{"rendered":"https:\/\/www.agrecolandes.org\/solidagro\/?p=198"},"modified":"2020-04-21T17:19:44","modified_gmt":"2020-04-21T17:19:44","slug":"el-gam-de-vila-vila-aprueba-en-su-poa-2020-recursos-para-la-proteccion-del-agua","status":"publish","type":"post","link":"https:\/\/www.agrecolandes.org\/solidagro\/2020\/04\/21\/el-gam-de-vila-vila-aprueba-en-su-poa-2020-recursos-para-la-proteccion-del-agua\/","title":{"rendered":"El GAM de Vila Vila aprueba en su POA 2020 recursos para la Protecci\u00f3n del agua"},"content":{"rendered":"\n<p> (Jaap Op de Coul y Luis Carlos Aguilar. Solidagro Bolivia).-\u00a0 El Municipio de Vila Vila se encuentra en la parte oeste de la Provincia Mizque y forma parte de la Regi\u00f3n del Cono Sur de Cochabamba. La base de su econom\u00eda es mayormente agr\u00edcola, con escasos recursos h\u00eddricos (destinados para diversos usos como riego y agua potable. <\/p>\n\n\n\n<p>Desde inicios del 2019, la ONG Aynisuyu, inicia procesos de sensibilizaci\u00f3n con las organizaciones de base mixtas y de mujeres sobre la importancia de las fuentes de agua y de las \u00e1reas de recarga h\u00eddrica frente a la situaci\u00f3n de sequ\u00eda, que a\u00f1o que pasa se agudiza cada vez m\u00e1s.  Como fruto de este proceso se llega a la conclusi\u00f3n que es urgente proteger estas fuentes de agua y \u00e1reas de recarga h\u00eddrica, creando una norma municipal sobre el tema. Es as\u00ed que entre mayo a julio del mismo a\u00f1o desarrollan talleres donde participan titulares de derecho (organizaciones sociales del municipio) y garantes de derecho (autoridades municipales legislativo, ejecutivo, asesores legales) para construir la mencionada Ley. <\/p>\n\n\n\n<figure class=\"wp-block-image\"><img decoding=\"async\" loading=\"lazy\" width=\"998\" height=\"547\" src=\"https:\/\/www.agrecolandes.org\/solidagro\/wp-content\/uploads\/2020\/04\/3-1.jpg\" alt=\"\" class=\"wp-image-202\" srcset=\"https:\/\/www.agrecolandes.org\/solidagro\/wp-content\/uploads\/2020\/04\/3-1.jpg 998w, https:\/\/www.agrecolandes.org\/solidagro\/wp-content\/uploads\/2020\/04\/3-1-300x164.jpg 300w, https:\/\/www.agrecolandes.org\/solidagro\/wp-content\/uploads\/2020\/04\/3-1-768x421.jpg 768w, https:\/\/www.agrecolandes.org\/solidagro\/wp-content\/uploads\/2020\/04\/3-1-700x384.jpg 700w\" sizes=\"(max-width: 998px) 100vw, 998px\" \/><figcaption><em>Talleres de sensibilizaci\u00f3n con las organizaciones sociales de Vila Vila. <\/em><\/figcaption><\/figure>\n\n\n\n<blockquote class=\"wp-block-quote\"><p><em>\u201cHemos recibido el visto bueno de los Tata Subcentrales para elaborar esta Ley, ahora aqu\u00ed estamos elaborando todos la Ley, es una Ley que nos servir\u00e1 para nuestras vidas, no es una imposici\u00f3n del Concejo, todos estamos aportando subcentrales, dirigentes en su mayor\u00eda para redactar la Ley, despu\u00e9s veremos el presupuesto, en agosto habr\u00e1 reuni\u00f3n para definir el POA, ah\u00ed tenemos que hacer insertar los recursos para aplicar esta Ley\u2026\u201d<\/em> <\/p><cite>Testimonio de Do\u00f1a Elisa Carrasco Iriarte, Concejal de Vila Vila. <\/cite><\/blockquote>\n\n\n\n<p>Luego de estos eventos, el 12 de agosto del 2019 se aprueba y promulga la presente Ley y su Reglamento (16 de noviembre del 2019) con el objeto de:<em> \u201cregular la protecci\u00f3n y conservaci\u00f3n de zonas de recarga h\u00eddrica y fuentes de agua del municipio de Vila Vila, para garantizar y conservar el agua en cantidad y calidad destinada a sus diferentes usos de manera sostenible, considerando al agua como un derecho humano fundamental\u00edsimo que garantiza el vivir bien de las presentes y futuras generaciones de este municipio\u201d.<\/em><\/p>\n\n\n\n<figure class=\"wp-block-image\"><img decoding=\"async\" loading=\"lazy\" width=\"1000\" height=\"750\" src=\"https:\/\/www.agrecolandes.org\/solidagro\/wp-content\/uploads\/2020\/04\/2-peg.jpg\" alt=\"\" class=\"wp-image-200\" srcset=\"https:\/\/www.agrecolandes.org\/solidagro\/wp-content\/uploads\/2020\/04\/2-peg.jpg 1000w, https:\/\/www.agrecolandes.org\/solidagro\/wp-content\/uploads\/2020\/04\/2-peg-300x225.jpg 300w, https:\/\/www.agrecolandes.org\/solidagro\/wp-content\/uploads\/2020\/04\/2-peg-768x576.jpg 768w, https:\/\/www.agrecolandes.org\/solidagro\/wp-content\/uploads\/2020\/04\/2-peg-268x200.jpg 268w, https:\/\/www.agrecolandes.org\/solidagro\/wp-content\/uploads\/2020\/04\/2-peg-700x525.jpg 700w\" sizes=\"(max-width: 1000px) 100vw, 1000px\" \/><figcaption><em>Autoridades comunales y municipales analizando en trabajo de grupos las partes de la Ley. <\/em><\/figcaption><\/figure>\n\n\n\n<p>Con relaci\u00f3n\nal financiamiento, el Art 26 se\u00f1ala que: \u201c<em>la\nconstrucci\u00f3n, mantenimiento y operaci\u00f3n de las \u00e1reas protegidas de recarga\nh\u00eddrica y fuentes de agua provendr\u00e1 de los recursos presupuestales de la\ncoparticipaci\u00f3n tributaria del Gobierno Aut\u00f3nomo municipal de Vila Vila en una\nmagnitud del 0,5 %\u201d.<\/em><\/p>\n\n\n\n<p>Dando cumplimiento a la Ley, se presupuesta 20.000 Bs. en el Plan Operativo Anual (POA) Municipal 2020 para la protecci\u00f3n del agua. Por otra parte el Gobierno Municipal gestion\u00f3 a la Gobernaci\u00f3n de Cochabamba 16.000 plantines de pino radiata para la protecci\u00f3n de suelos en riesgo de erosionarse circundantes a las \u00e1reas de recarga h\u00eddrica. El proyecto de Aynisuyu apoy\u00f3 con el traslado de 8.500 plantines a las comunidades de Kullku Mayu y Centro Arrumani.<\/p>\n\n\n\n<p>Esta\nexperiencia en Vila Vila demuestra que pasando por un proceso participativo y\ninclusivo se logra dar la legitimidad necesaria a esta Ley Municipal,\ngarantizando la aplicaci\u00f3n de la misma en la pr\u00e1ctica. <\/p>\n\n\n\n<p>El proyecto de Aynisuyu es parte de un programa m\u00e1s amplio, apoyado por la organizaci\u00f3n sin fines de lucro Solidagro, de B\u00e9lgica. Este programa tiene como objetivo desarrollar modelos agro-ecol\u00f3gicos con los actores locales en la regi\u00f3n del Cono Sur, para su replicaci\u00f3n. Ultimamente, la protecci\u00f3n de fuentes de agua y \u00e1reas de recarga h\u00eddrica es una prioridad importante, contrarrestando los efectos de los cambios clim\u00e1ticos.<\/p>\n\n\n\n<p><strong><em>Descargar la ley <\/em><\/strong><a href=\"https:\/\/www.agrecolandes.org\/solidagro\/wp-content\/uploads\/2020\/04\/LEY-MUNICIPAL-Vila-Vila.pdf\"><strong><em>aqu\u00ed <\/em><\/strong><\/a><\/p>\n","protected":false},"excerpt":{"rendered":"<p>(Jaap Op de Coul y Luis Carlos Aguilar. Solidagro Bolivia).-\u00a0 El Municipio de Vila Vila se encuentra en la parte oeste de la Provincia Mizque y forma parte de la Regi\u00f3n del Cono Sur de Cochabamba. La base de su econom\u00eda es mayormente agr\u00edcola, con escasos recursos h\u00eddricos (destinados para &#8230;<\/p>\n","protected":false},"author":1,"featured_media":199,"comment_status":"closed","ping_status":"open","sticky":true,"template":"","format":"standard","meta":{"footnotes":""},"categories":[4],"tags":[],"_links":{"self":[{"href":"https:\/\/www.agrecolandes.org\/solidagro\/wp-json\/wp\/v2\/posts\/198"}],"collection":[{"href":"https:\/\/www.agrecolandes.org\/solidagro\/wp-json\/wp\/v2\/posts"}],"about":[{"href":"https:\/\/www.agrecolandes.org\/solidagro\/wp-json\/wp\/v2\/types\/post"}],"author":[{"embeddable":true,"href":"https:\/\/www.agrecolandes.org\/solidagro\/wp-json\/wp\/v2\/users\/1"}],"replies":[{"embeddable":true,"href":"https:\/\/www.agrecolandes.org\/solidagro\/wp-json\/wp\/v2\/comments?post=198"}],"version-history":[{"count":2,"href":"https:\/\/www.agrecolandes.org\/solidagro\/wp-json\/wp\/v2\/posts\/198\/revisions"}],"predecessor-version":[{"id":210,"href":"https:\/\/www.agrecolandes.org\/solidagro\/wp-json\/wp\/v2\/posts\/198\/revisions\/210"}],"wp:featuredmedia":[{"embeddable":true,"href":"https:\/\/www.agrecolandes.org\/solidagro\/wp-json\/wp\/v2\/media\/199"}],"wp:attachment":[{"href":"https:\/\/www.agrecolandes.org\/solidagro\/wp-json\/wp\/v2\/media?parent=198"}],"wp:term":[{"taxonomy":"category","embeddable":true,"href":"https:\/\/www.agrecolandes.org\/solidagro\/wp-json\/wp\/v2\/categories?post=198"},{"taxonomy":"post_tag","embeddable":true,"href":"https:\/\/www.agrecolandes.org\/solidagro\/wp-json\/wp\/v2\/tags?post=198"}],"curies":[{"name":"wp","href":"https:\/\/api.w.org\/{rel}","templated":true}]}}