{"id":183,"date":"2020-04-12T21:53:02","date_gmt":"2020-04-12T21:53:02","guid":{"rendered":"https:\/\/www.agrecolandes.org\/solidagro\/?p=183"},"modified":"2020-04-12T23:54:41","modified_gmt":"2020-04-12T23:54:41","slug":"estrategia-integral-de-recursos-hidricos-del-municipio-de-pasorapa-en-proceso-de-construccion","status":"publish","type":"post","link":"https:\/\/www.agrecolandes.org\/solidagro\/2020\/04\/12\/estrategia-integral-de-recursos-hidricos-del-municipio-de-pasorapa-en-proceso-de-construccion\/","title":{"rendered":"Estrategia Integral de Recursos H\u00eddricos del municipio de Pasorapa en proceso de construcci\u00f3n"},"content":{"rendered":"\n<p><em>(Jaap Op de Coul y Luis Carlos Aguilar. Solidagro Bolivia).- <\/em>Desde el 2019, la Fundaci\u00f3n AGRECOL Andes en coordinaci\u00f3n con el Gobierno Municipal de Pasorapa y otras instituciones vienen dialogando con los actores locales del municipio acerca de la situaci\u00f3n cr\u00edtica del agua. Es as\u00ed que se decide llevar adelante la Primera Cumbre del Agua (septiembre) en Pasorapa, con el slogan \u201cCuidar el agua es cuidar la vida\u201d. El objetivo fue analizar y reflexionar acerca de la situaci\u00f3n actual del agua en el municipio, recoger e intercambiar percepciones de los distintos actores y usuarios del agua. Estos insumos fueron la base para la construcci\u00f3n participativa de un Plan Estrat\u00e9gico Municipal de Gesti\u00f3n Integral de Recursos H\u00eddricos, instrumento que servir\u00e1 para la gesti\u00f3n integral del agua en el municipio para los siguientes 10 a\u00f1os.<\/p>\n\n\n\n<figure class=\"wp-block-image\"><img decoding=\"async\" loading=\"lazy\" width=\"1000\" height=\"566\" src=\"https:\/\/www.agrecolandes.org\/solidagro\/wp-content\/uploads\/2020\/04\/cumbre-pasorapa-5.jpg\" alt=\"\" class=\"wp-image-190\" srcset=\"https:\/\/www.agrecolandes.org\/solidagro\/wp-content\/uploads\/2020\/04\/cumbre-pasorapa-5.jpg 1000w, https:\/\/www.agrecolandes.org\/solidagro\/wp-content\/uploads\/2020\/04\/cumbre-pasorapa-5-300x170.jpg 300w, https:\/\/www.agrecolandes.org\/solidagro\/wp-content\/uploads\/2020\/04\/cumbre-pasorapa-5-768x435.jpg 768w, https:\/\/www.agrecolandes.org\/solidagro\/wp-content\/uploads\/2020\/04\/cumbre-pasorapa-5-700x396.jpg 700w\" sizes=\"(max-width: 1000px) 100vw, 1000px\" \/><figcaption><em>Foto: Trabajo de grupos.  Cumbre del Agua en Pasorapa, septiembre 2019.<\/em><\/figcaption><\/figure>\n\n\n\n<p>En diciembre del mismo a\u00f1o, la Fundaci\u00f3n AGRECOL Andes, con el apoyo de consultores, inici\u00f3 el diagn\u00f3stico sobre la situaci\u00f3n actual del agua en el municipio, se revisaron fuentes secundarias de informaci\u00f3n sobre el agua y se gener\u00f3 informaci\u00f3n primaria en campo. Se organiz\u00f3 talleres en cada una de las 6 Subcentrales (Pampas, El Abra, Pasorapa, Yajopampa, Quinori y Seivas) con representaci\u00f3n de sus 33 comunidades y 3 OTBs (Organizaciones Territorial de Base). Adem\u00e1s se entrevist\u00f3 a representantes y actores claves del municipio, otras organizaciones e instituciones y se realizaron visitas en terreno. Despu\u00e9s de la sistematizaci\u00f3n de los datos, el 29 de febrero del presente a\u00f1o se validar\u00e1 el contenido del documento con las organizaciones de base del municipio.<\/p>\n\n\n\n<figure class=\"wp-block-image\"><img decoding=\"async\" loading=\"lazy\" width=\"1000\" height=\"750\" src=\"https:\/\/www.agrecolandes.org\/solidagro\/wp-content\/uploads\/2020\/04\/cumbre-pasorapa-3.jpg\" alt=\"\" class=\"wp-image-192\" srcset=\"https:\/\/www.agrecolandes.org\/solidagro\/wp-content\/uploads\/2020\/04\/cumbre-pasorapa-3.jpg 1000w, https:\/\/www.agrecolandes.org\/solidagro\/wp-content\/uploads\/2020\/04\/cumbre-pasorapa-3-300x225.jpg 300w, https:\/\/www.agrecolandes.org\/solidagro\/wp-content\/uploads\/2020\/04\/cumbre-pasorapa-3-768x576.jpg 768w, https:\/\/www.agrecolandes.org\/solidagro\/wp-content\/uploads\/2020\/04\/cumbre-pasorapa-3-268x200.jpg 268w, https:\/\/www.agrecolandes.org\/solidagro\/wp-content\/uploads\/2020\/04\/cumbre-pasorapa-3-700x525.jpg 700w\" sizes=\"(max-width: 1000px) 100vw, 1000px\" \/><figcaption><em>Foto: Taller Diagn\u00f3stico Subcentral Pampas, diciembre de 2019.<\/em><\/figcaption><\/figure>\n\n\n\n<p>Cinthia Avila, la actual Secretaria General del Municipio y ex Alcaldesa de Pasorapa, se\u00f1ala al respecto: \u201c<em>Se tuvo buena respuesta de parte de la gente, para m\u00ed fue un \u00e9xito rotundo por la participaci\u00f3n de los dirigentes, a ra\u00edz de eso como siempre preguntan c\u00f3mo y en qu\u00e9 estado est\u00e1, hay bastante expectativa por el fruto que se vaya a conseguir. S\u00e9 que han ido a cada subcentral<\/em>\u201d.<\/p>\n\n\n\n<p>El documento preliminar resalta el estado de situaci\u00f3n del agua y los sistemas de vida en el municipio de Pasorapa. Desde antes y durante la colonia este territorio es considerado como una zona con abundancia de buenos pastos y aguadas para la cr\u00eda de ganado. Actualmente, el territorio forma parte de dos cuencas, R\u00edo Mizque y R\u00edo Grande. De acuerdo con la clasificaci\u00f3n de unidades hidrogr\u00e1ficas, en el territorio se identificaron siete microcuencas.<\/p>\n\n\n\n<p>Otra caracter\u00edstica de Pasorapa son sus bosques naturales, conocidos localmente como \u201cmontes\u201d, que cubren el 62,3 % de las 236.485 has del territorio de Pasorapa. Estos montes son la base misma del sistema de vida de los 7.284 pasorape\u00f1os, recurso clave para su econom\u00eda y factor que moldea los sistemas de producci\u00f3n de las comunidades, las mismas que se desarrollan en torno a la ganader\u00eda bovina y agricultura. Existe una clara relaci\u00f3n entre <strong>la<\/strong> <strong>ganader\u00eda \u2013 la agricultura \u2013 los montes \u2013 y el agua, <\/strong>que es vital y se constituye en la base general de todos los sistemas de producci\u00f3n de Pasorapa.<\/p>\n\n\n\n<figure class=\"wp-block-image\"><img decoding=\"async\" loading=\"lazy\" width=\"1000\" height=\"750\" src=\"https:\/\/www.agrecolandes.org\/solidagro\/wp-content\/uploads\/2020\/04\/cumbre-pasorapa-4.jpg\" alt=\"\" class=\"wp-image-191\" srcset=\"https:\/\/www.agrecolandes.org\/solidagro\/wp-content\/uploads\/2020\/04\/cumbre-pasorapa-4.jpg 1000w, https:\/\/www.agrecolandes.org\/solidagro\/wp-content\/uploads\/2020\/04\/cumbre-pasorapa-4-300x225.jpg 300w, https:\/\/www.agrecolandes.org\/solidagro\/wp-content\/uploads\/2020\/04\/cumbre-pasorapa-4-768x576.jpg 768w, https:\/\/www.agrecolandes.org\/solidagro\/wp-content\/uploads\/2020\/04\/cumbre-pasorapa-4-268x200.jpg 268w, https:\/\/www.agrecolandes.org\/solidagro\/wp-content\/uploads\/2020\/04\/cumbre-pasorapa-4-700x525.jpg 700w\" sizes=\"(max-width: 1000px) 100vw, 1000px\" \/><\/figure>\n\n\n\n<p>Estos \u00faltimos a\u00f1os este municipio es centro de atenci\u00f3n debido a la crisis por las sequ\u00edas que provocan p\u00e9rdidas para la gente, la ganader\u00eda y la agricultura. Sin embargo, desde siempre los pasorape\u00f1os han enfrentado la escasez y el acceso al agua, a trav\u00e9s de una diversidad de estrategias orientadas al uso, el cuidado y su aprovechamiento. El diagn\u00f3stico advierte un complejo sistema de fuentes de agua y usos, que en la actualidad tienen acceso las familias y comunidades en el extenso territorio del municipio. <\/p>\n\n\n\n<p>En las seis subcentrales del municipio, se han identificado un total de 345 vertientes de agua, 1570 lagunas, 8 micro represas, 11 pozos profundos de aguas subterr\u00e1neas, 7 sistemas de riego que utilizan los aguas de r\u00edos, adem\u00e1s de 2 sistemas de cosecha de agua de lluvia destinados al consumo humano. (Gr\u00e1fico 1).<\/p>\n\n\n\n<div class=\"wp-block-image\"><figure class=\"aligncenter\"><img decoding=\"async\" loading=\"lazy\" width=\"460\" height=\"278\" src=\"https:\/\/www.agrecolandes.org\/solidagro\/wp-content\/uploads\/2020\/04\/grafico-2-agua-pasorapa.jpg\" alt=\"\" class=\"wp-image-189\" srcset=\"https:\/\/www.agrecolandes.org\/solidagro\/wp-content\/uploads\/2020\/04\/grafico-2-agua-pasorapa.jpg 460w, https:\/\/www.agrecolandes.org\/solidagro\/wp-content\/uploads\/2020\/04\/grafico-2-agua-pasorapa-300x181.jpg 300w\" sizes=\"(max-width: 460px) 100vw, 460px\" \/><figcaption><em>Gr\u00e1fico 1. Cantidad y fuentes de agua en el municipio de Pasorapa.<\/em><\/figcaption><\/figure><\/div>\n\n\n\n<p>Con relaci\u00f3n al uso de las fuentes de agua, el 54% de las vertientes, es decir 263, se utilizan para consumo animal, el 24%, unas 115 vertientes, se usan para riego y 22%, unas 110 vertientes, se utilizan para el consumo humano. En el caso de las lagunas, el 87% de las mismas, es decir unas 1516 lagunas se utilizan para consumo animal, el 11% se usa para riego, unas 191 lagunas y el 2%, unas 28 lagunas, se utilizan para consumo humano, como se\u00f1ala el gr\u00e1fico 2.<\/p>\n\n\n\n<div class=\"wp-block-image\"><figure class=\"aligncenter\"><img decoding=\"async\" loading=\"lazy\" width=\"676\" height=\"394\" src=\"https:\/\/www.agrecolandes.org\/solidagro\/wp-content\/uploads\/2020\/04\/grafico-1-agua-pasorapa.jpg\" alt=\"\" class=\"wp-image-188\" srcset=\"https:\/\/www.agrecolandes.org\/solidagro\/wp-content\/uploads\/2020\/04\/grafico-1-agua-pasorapa.jpg 676w, https:\/\/www.agrecolandes.org\/solidagro\/wp-content\/uploads\/2020\/04\/grafico-1-agua-pasorapa-300x175.jpg 300w\" sizes=\"(max-width: 676px) 100vw, 676px\" \/><figcaption><em>Gr\u00e1fico 2. Usos de las fuentes de agua en Pasorapa.<\/em><\/figcaption><\/figure><\/div>\n\n\n\n<p>Evidentemente,\nel agua para consumo animal, es la principal prioridad de las familias en el\nmunicipio y a este prop\u00f3sito se han destinado el uso de sus fuentes de agua.<\/p>\n\n\n\n<p>El documento\nconcluye con un balance de la situaci\u00f3n actual del agua en el municipio, a\npartir de toda la informaci\u00f3n presentada y analizada, terminando con una\ns\u00edntesis de las principales demandas por subcentral. Son datos preliminares que\nser\u00e1n la base para formular programas y proyectos futuros que estar\u00e1n inscritos\nen el mencionado Plan.<\/p>\n\n\n\n<figure class=\"wp-block-image\"><img decoding=\"async\" loading=\"lazy\" width=\"1000\" height=\"750\" src=\"https:\/\/www.agrecolandes.org\/solidagro\/wp-content\/uploads\/2020\/04\/cumbre-pasorapa-2.jpg\" alt=\"\" class=\"wp-image-193\" srcset=\"https:\/\/www.agrecolandes.org\/solidagro\/wp-content\/uploads\/2020\/04\/cumbre-pasorapa-2.jpg 1000w, https:\/\/www.agrecolandes.org\/solidagro\/wp-content\/uploads\/2020\/04\/cumbre-pasorapa-2-300x225.jpg 300w, https:\/\/www.agrecolandes.org\/solidagro\/wp-content\/uploads\/2020\/04\/cumbre-pasorapa-2-768x576.jpg 768w, https:\/\/www.agrecolandes.org\/solidagro\/wp-content\/uploads\/2020\/04\/cumbre-pasorapa-2-268x200.jpg 268w, https:\/\/www.agrecolandes.org\/solidagro\/wp-content\/uploads\/2020\/04\/cumbre-pasorapa-2-700x525.jpg 700w\" sizes=\"(max-width: 1000px) 100vw, 1000px\" \/><\/figure>\n\n\n\n<p>Cinthia\nAvila: \u201c<em>Este plan es una herramienta que\nseguramente no solo servir\u00e1 para esta gesti\u00f3n sino tambi\u00e9n para el futuro, se\nplantar\u00e1n los cimientos, el hecho que se cuente con una ley municipal con\nrespaldo de este plan ya se convierte en una pol\u00edtica p\u00fablica, la autoridad que\ningrese le dar\u00e1 continuidad\u2026El hecho que est\u00e9n participando, se haya bajado a\nlas subcentrales est\u00e1 siendo bien consensuado, es participativo y bien\nlegitimo\u2026Todos los actores que est\u00e1n participando, dirigentes, representaciones\nde mujeres en su momento van a exigir a la autoridad que sea de su cumplimiento<\/em>\u2026\u201d<\/p>\n\n\n\n<p>Obviamente\nla crisis sanitaria mundial con el Coronavirus influye este proceso. En el transcurso\ndel 2020 se espera organizar una Cumbre Municipal en Pasorapa para presentar\nlos resultados finales a la poblaci\u00f3n en general. Posteriormente la Estrategia\nIntegral de Recursos H\u00eddricos ser\u00e1 elevada a rango de Ley Municipal para su\naplicaci\u00f3n.<\/p>\n\n\n\n<p>Este proyecto de la Fundaci\u00f3n AGRECOL Andes es parte de un programa m\u00e1s amplio, apoyado por la organizaci\u00f3n sin fines de lucro Solidagro, de B\u00e9lgica. Este programa tiene como objetivo desarrollar modelos agro-ecol\u00f3gicos con los actores locales en la regi\u00f3n del Cono Sur, para su replicaci\u00f3n. \u00daltimamente, la protecci\u00f3n de fuentes de agua y \u00e1reas de recarga h\u00eddrica es una prioridad importante, contrarrestando los efectos de los cambios clim\u00e1ticos.<\/p>\n\n\n\n<p><em>Fuentes: <\/em><\/p>\n\n\n\n<p><em>Talleres diagn\u00f3sticos en subcentrales de Pasorapa, diciembre del 2019.  <br>Taller de socializaci\u00f3n del avance de la Estrategia Integral de Recursos H\u00eddricos con la Central Campesina de Pasorapa, febrero 29 del 2020.   <br>Informe de monitoreo al proyecto de Fundaci\u00f3n AGRECOL Andes, febrero 2020.   <br>Documento preliminar. Agua y Sistemas de Vida en Pasorapa. Estado de Situaci\u00f3n. Fundaci\u00f3n AGRECOL Andes. <\/em><\/p>\n","protected":false},"excerpt":{"rendered":"<p>(Jaap Op de Coul y Luis Carlos Aguilar. Solidagro Bolivia).- Desde el 2019, la Fundaci\u00f3n AGRECOL Andes en coordinaci\u00f3n con el Gobierno Municipal de Pasorapa y otras instituciones vienen dialogando con los actores locales del municipio acerca de la situaci\u00f3n cr\u00edtica del agua. Es as\u00ed que se decide llevar adelante &#8230;<\/p>\n","protected":false},"author":1,"featured_media":194,"comment_status":"closed","ping_status":"open","sticky":true,"template":"","format":"standard","meta":{"footnotes":""},"categories":[4],"tags":[],"_links":{"self":[{"href":"https:\/\/www.agrecolandes.org\/solidagro\/wp-json\/wp\/v2\/posts\/183"}],"collection":[{"href":"https:\/\/www.agrecolandes.org\/solidagro\/wp-json\/wp\/v2\/posts"}],"about":[{"href":"https:\/\/www.agrecolandes.org\/solidagro\/wp-json\/wp\/v2\/types\/post"}],"author":[{"embeddable":true,"href":"https:\/\/www.agrecolandes.org\/solidagro\/wp-json\/wp\/v2\/users\/1"}],"replies":[{"embeddable":true,"href":"https:\/\/www.agrecolandes.org\/solidagro\/wp-json\/wp\/v2\/comments?post=183"}],"version-history":[{"count":4,"href":"https:\/\/www.agrecolandes.org\/solidagro\/wp-json\/wp\/v2\/posts\/183\/revisions"}],"predecessor-version":[{"id":196,"href":"https:\/\/www.agrecolandes.org\/solidagro\/wp-json\/wp\/v2\/posts\/183\/revisions\/196"}],"wp:featuredmedia":[{"embeddable":true,"href":"https:\/\/www.agrecolandes.org\/solidagro\/wp-json\/wp\/v2\/media\/194"}],"wp:attachment":[{"href":"https:\/\/www.agrecolandes.org\/solidagro\/wp-json\/wp\/v2\/media?parent=183"}],"wp:term":[{"taxonomy":"category","embeddable":true,"href":"https:\/\/www.agrecolandes.org\/solidagro\/wp-json\/wp\/v2\/categories?post=183"},{"taxonomy":"post_tag","embeddable":true,"href":"https:\/\/www.agrecolandes.org\/solidagro\/wp-json\/wp\/v2\/tags?post=183"}],"curies":[{"name":"wp","href":"https:\/\/api.w.org\/{rel}","templated":true}]}}