{"id":112,"date":"2019-09-25T20:33:00","date_gmt":"2019-09-25T20:33:00","guid":{"rendered":"https:\/\/www.agrecolandes.org\/solidagro\/?p=112"},"modified":"2020-04-12T21:55:16","modified_gmt":"2020-04-12T21:55:16","slug":"comparten-experiencias-en-aprobacion-de-normativas-locales-de-proteccion-de-areas-de-recarga-hidrica","status":"publish","type":"post","link":"https:\/\/www.agrecolandes.org\/solidagro\/2019\/09\/25\/comparten-experiencias-en-aprobacion-de-normativas-locales-de-proteccion-de-areas-de-recarga-hidrica\/","title":{"rendered":"Comparten experiencias en aprobaci\u00f3n de normativas locales de protecci\u00f3n de \u00e1reas de recarga h\u00eddrica"},"content":{"rendered":"\n<p><em>(Noticias Agrecol 25\/09\/2019).-<\/em> En ocasi\u00f3n del \u201c2do. Encuentro de Socializaci\u00f3n de Pol\u00edticas Municipales en favor de la agricultura sostenible y la agroecolog\u00eda\u201d, desarrollado el pasado 23 de septiembre, en la localidad de Achocalla en el departamento de La Paz, l\u00edderes de diferentes municipios del pa\u00eds compartieron experiencias sobre diversos procesos de construcci\u00f3n de leyes municipales referidos al cuidado del medio ambiente y la protecci\u00f3n de los recursos naturales. <\/p>\n\n\n\n<p>Este evento, realizado a iniciativa de la\nPlataforma Regional de Suelos Altiplano y valles interandinos, ten\u00eda los\nsiguientes objetivos: <\/p>\n\n\n\n<ul><li>Socializar\nexperiencias viables para el interaprendizaje y fortalecer las capacidades\nt\u00e9cnicas y metodol\u00f3gicas, que permitan generar futuras acciones articuladas en\nla promoci\u00f3n de la agropecuaria sostenible.<\/li><li>Compartir\ninstrumentos o rutas de aprendizaje en estrategias de incidencia para elaborar\npropuestas entre las instituciones y grupos involucrados.<\/li><\/ul>\n\n\n\n<figure class=\"wp-block-image\"><img decoding=\"async\" loading=\"lazy\" width=\"1024\" height=\"577\" src=\"https:\/\/www.agrecolandes.org\/solidagro\/wp-content\/uploads\/2019\/09\/evento-La-Paz-4-1024x577.jpeg\" alt=\"\" class=\"wp-image-115\" srcset=\"https:\/\/www.agrecolandes.org\/solidagro\/wp-content\/uploads\/2019\/09\/evento-La-Paz-4-1024x577.jpeg 1024w, https:\/\/www.agrecolandes.org\/solidagro\/wp-content\/uploads\/2019\/09\/evento-La-Paz-4-300x169.jpeg 300w, https:\/\/www.agrecolandes.org\/solidagro\/wp-content\/uploads\/2019\/09\/evento-La-Paz-4-768x433.jpeg 768w, https:\/\/www.agrecolandes.org\/solidagro\/wp-content\/uploads\/2019\/09\/evento-La-Paz-4-700x394.jpeg 700w, https:\/\/www.agrecolandes.org\/solidagro\/wp-content\/uploads\/2019\/09\/evento-La-Paz-4.jpeg 1129w\" sizes=\"(max-width: 1024px) 100vw, 1024px\" \/><\/figure>\n\n\n\n<p><strong><em>Experiencia de Totora<\/em><\/strong><\/p>\n\n\n\n<p>En este municipio el proceso empez\u00f3 en 2018 con\nla organizaci\u00f3n de la Primera Cumbre Municipal del Agua, que culmin\u00f3 con la\nconformaci\u00f3n de una comisi\u00f3n t\u00e9cnica en la segunda cumbre, quienes, retomando los\nplanteamientos de estos dos eventos masivos y participativos, elaboraron la\npropuesta de proyecto de ley. A trav\u00e9s de un proceso, que cont\u00f3 con la amplia participaci\u00f3n\nde representantes de los usuarios del agua (regantes y agua potable), se\nrealizaron ajustes y adecuaciones al proyecto se\u00f1alado, y, actualmente, est\u00e1 en\nproceso de revisi\u00f3n&nbsp;y aprobaci\u00f3n. La Fundaci\u00f3n AGRECOL Andes facilit\u00f3 y contin\u00faa\nimpulsando este proceso con la participaci\u00f3n de todos los actores municipales\ndel agua, el Gobierno Municipal de Totora y organizaciones locales (Comit\u00e9 C\u00edvico,\nCentral Campesina y Sindicatos y Organizaciones de Mujeres). Se acompa\u00f1\u00f3 este trabajo\ncon una campa\u00f1a de sensibilizaci\u00f3n de la poblaci\u00f3n local con la difusi\u00f3n de\nmicroprogramas de radio sobre la importancia de proteger las \u00e1reas de recarga\nh\u00eddrica. <\/p>\n\n\n\n<p><strong><em>Experiencia de Tiraque<\/em><\/strong><\/p>\n\n\n\n<p>\n\nEn este municipio el proceso empez\u00f3 este a\u00f1o a trav\u00e9s de talleres y reuniones para concientizar sobre la importancia de contar con una normativa municipal que proteja las zonas de recarga h\u00eddrica. Gracias a un trabajo de alianza con las autoridades municipales del concejo y de las organizaciones campesinas se logr\u00f3 elaborar un proyecto de ley municipal. Actualmente est\u00e1 propuesta est\u00e1 en an\u00e1lisis por parte del Gobierno Aut\u00f3nomo Municipal de Tiraque. Tambi\u00e9n se acompa\u00f1\u00f3 este proceso con campa\u00f1as de concientizaci\u00f3n liderados por comunicadores populares j\u00f3venes de la zona. &nbsp;La instituci\u00f3n INCCA est\u00e1 impulsando y acompa\u00f1ando este proceso bajo un enfoque de trabajo que prioriza la construcci\u00f3n participativa de la se\u00f1alada norma.\n\n<\/p>\n\n\n\n<figure class=\"wp-block-image\"><img decoding=\"async\" loading=\"lazy\" width=\"863\" height=\"769\" src=\"https:\/\/www.agrecolandes.org\/solidagro\/wp-content\/uploads\/2019\/09\/evento-La-Paz-1.jpeg\" alt=\"\" class=\"wp-image-114\" srcset=\"https:\/\/www.agrecolandes.org\/solidagro\/wp-content\/uploads\/2019\/09\/evento-La-Paz-1.jpeg 863w, https:\/\/www.agrecolandes.org\/solidagro\/wp-content\/uploads\/2019\/09\/evento-La-Paz-1-300x267.jpeg 300w, https:\/\/www.agrecolandes.org\/solidagro\/wp-content\/uploads\/2019\/09\/evento-La-Paz-1-768x684.jpeg 768w, https:\/\/www.agrecolandes.org\/solidagro\/wp-content\/uploads\/2019\/09\/evento-La-Paz-1-700x624.jpeg 700w\" sizes=\"(max-width: 863px) 100vw, 863px\" \/><\/figure>\n\n\n\n<p>Finalmente,\ntambi\u00e9n se socializ\u00f3 la Ley municipal de medio ambiente de Sapahaqui (La Paz),\nla Ley de gesti\u00f3n de riesgos del municipio de Taraco (La Paz), y la Ley del\nCuidado del medio ambiente y producci\u00f3n ecol\u00f3gica del Municipio de Salinas de\nGarci Mendoza (Oruro).<\/p>\n","protected":false},"excerpt":{"rendered":"<p>(Noticias Agrecol 25\/09\/2019).- En ocasi\u00f3n del \u201c2do. Encuentro de Socializaci\u00f3n de Pol\u00edticas Municipales en favor de la agricultura sostenible y la agroecolog\u00eda\u201d, desarrollado el pasado 23 de septiembre, en la localidad de Achocalla en el departamento de La Paz, l\u00edderes de diferentes municipios del pa\u00eds compartieron experiencias sobre diversos procesos &#8230;<\/p>\n","protected":false},"author":1,"featured_media":113,"comment_status":"closed","ping_status":"open","sticky":false,"template":"","format":"standard","meta":{"footnotes":""},"categories":[4],"tags":[],"_links":{"self":[{"href":"https:\/\/www.agrecolandes.org\/solidagro\/wp-json\/wp\/v2\/posts\/112"}],"collection":[{"href":"https:\/\/www.agrecolandes.org\/solidagro\/wp-json\/wp\/v2\/posts"}],"about":[{"href":"https:\/\/www.agrecolandes.org\/solidagro\/wp-json\/wp\/v2\/types\/post"}],"author":[{"embeddable":true,"href":"https:\/\/www.agrecolandes.org\/solidagro\/wp-json\/wp\/v2\/users\/1"}],"replies":[{"embeddable":true,"href":"https:\/\/www.agrecolandes.org\/solidagro\/wp-json\/wp\/v2\/comments?post=112"}],"version-history":[{"count":2,"href":"https:\/\/www.agrecolandes.org\/solidagro\/wp-json\/wp\/v2\/posts\/112\/revisions"}],"predecessor-version":[{"id":117,"href":"https:\/\/www.agrecolandes.org\/solidagro\/wp-json\/wp\/v2\/posts\/112\/revisions\/117"}],"wp:featuredmedia":[{"embeddable":true,"href":"https:\/\/www.agrecolandes.org\/solidagro\/wp-json\/wp\/v2\/media\/113"}],"wp:attachment":[{"href":"https:\/\/www.agrecolandes.org\/solidagro\/wp-json\/wp\/v2\/media?parent=112"}],"wp:term":[{"taxonomy":"category","embeddable":true,"href":"https:\/\/www.agrecolandes.org\/solidagro\/wp-json\/wp\/v2\/categories?post=112"},{"taxonomy":"post_tag","embeddable":true,"href":"https:\/\/www.agrecolandes.org\/solidagro\/wp-json\/wp\/v2\/tags?post=112"}],"curies":[{"name":"wp","href":"https:\/\/api.w.org\/{rel}","templated":true}]}}